{"id":6714,"date":"2020-10-27T07:14:04","date_gmt":"2020-10-27T06:14:04","guid":{"rendered":"https:\/\/labusadelloro.com\/?p=6714"},"modified":"2020-10-27T07:14:07","modified_gmt":"2020-10-27T06:14:07","slug":"un-soggiorno-anti-covid","status":"publish","type":"post","link":"https:\/\/labusadelloro.com\/it\/un-soggiorno-anti-covid\/","title":{"rendered":"Un soggiorno Anti-Covid"},"content":{"rendered":"\n<p>In questo periodo in cui si \u00e8 sempre sintonizzati in attesa di nuovi Dpcm, nuove statistiche o nuove strategie risolutrici che ci facciano lasciare alle spalle questo periodaccio, una valida alternativa potrebbe essere quella di pensare a rilassare anima e corpo. <\/p>\n\n\n\n<p>Un luogo isolato,<strong> immerso nel bosco del Monte Lonzina,<\/strong> con un panorama decisamente mozzafiato verso l&#8217;Abbazia di Praglia e la pianura dei paesi limitrofi.&nbsp;<\/p>\n\n\n\n<p><strong>Nessun vicino<\/strong>, <strong>un ampio giardino esterno, camere spaziose<\/strong> ed accoglienti <strong>con angolo cottura interno<\/strong> per soddisfare ogni voglia a qualsiasi ora del giorno e della notte.&nbsp;<\/p>\n\n\n\n<p><strong>Lontani da assembramenti <\/strong>e caos quotidiano. State pensando, quindi, che potreste anche annoiarvi?<\/p>\n\n\n\n<p>E qui vi sbagliate, ecco tutto quello che potrete fare:&nbsp;<\/p>\n\n\n\n<p>\u2192 Sedervi in giardino ascoltando i <strong>suoni della natura<\/strong> in compagnia di una <strong>buona lettura<\/strong> o degustando una <strong>calda tisana<\/strong> ammirando il paesaggio (non possiamo offrirvi lo spettacolo che avreste a 3000mt. ma vi assicuriamo che il risultato sar\u00e0 lo stesso)<\/p>\n\n\n\n<p>\u2192Lunghe <strong>passeggiate<\/strong> rilassanti o <strong>Trekking<\/strong> pi\u00f9 impegnativi<\/p>\n\n\n\n<p>\u2192 Spensierati giri in <strong>bicicletta<\/strong> fra il foliage autunnale o per i pi\u00f9 avventurosi percorsi di mtb.&nbsp;<\/p>\n\n\n\n<p>\u2192 Una visita alle principali <strong>citt\u00e0 d&#8217;arte del territorio<\/strong> perch\u00e9 anche quando si pensa di aver visto abbastanza di una citt\u00e0, in verit\u00e0 il meglio ci sta ancora aspettando dietro quell\u2019angolo l\u00ec infondo<\/p>\n\n\n\n<p>\u2192 Una visita alle <strong>citt\u00e0 medioevali <\/strong>a pochi km d\u2019auto dal nostro B&amp;B<\/p>\n\n\n\n<p>\u2192 <strong>Degustazioni e visite enogastronomiche<\/strong> in realt\u00e0 di pregio e di qualit\u00e0.<\/p>\n\n\n\n<p>E molto altro, tutto all&#8217;aria aperta, liberi di respirare, <strong>liberi di vivere i Colli Euganei.&nbsp;<\/strong><\/p>\n","protected":false},"excerpt":{"rendered":"<p>Un luogo isolato, immerso nel bosco del Monte Lonzina, con un panorama decisamente mozzafiato verso l&#8217;Abbazia di Praglia e la pianura dei paesi limitrofi. Lontani da assembramenti e caos quotidiano. <\/p>\n","protected":false},"author":3,"featured_media":6724,"comment_status":"open","ping_status":"open","sticky":false,"template":"","format":"standard","meta":{"_monsterinsights_skip_tracking":false,"_monsterinsights_sitenote_active":false,"_monsterinsights_sitenote_note":"","_monsterinsights_sitenote_category":0,"footnotes":""},"categories":[1,94],"tags":[110,82,111,112],"class_list":["post-6714","post","type-post","status-publish","format-standard","has-post-thumbnail","hentry","category-blog","category-natura","tag-bedbreakfast","tag-colli-euganei","tag-soggiorno","tag-teolo"],"yoast_head":"<!-- This site is optimized with the Yoast SEO plugin v27.5 - https:\/\/yoast.com\/product\/yoast-seo-wordpress\/ -->\n<title>Un soggiorno Anti-Covid - Fattoria Busa dell&#039;Oro<\/title>\n<meta name=\"robots\" content=\"index, follow, max-snippet:-1, max-image-preview:large, max-video-preview:-1\" \/>\n<link rel=\"canonical\" href=\"https:\/\/labusadelloro.com\/it\/un-soggiorno-anti-covid\/\" \/>\n<meta name=\"twitter:card\" content=\"summary_large_image\" \/>\n<meta name=\"twitter:title\" content=\"Un soggiorno Anti-Covid - Fattoria Busa dell&#039;Oro\" \/>\n<meta name=\"twitter:description\" content=\"Un luogo isolato, immerso nel bosco del Monte Lonzina, con un panorama decisamente mozzafiato verso l&#039;Abbazia di Praglia e la pianura dei paesi limitrofi. Lontani da assembramenti e caos quotidiano.\" \/>\n<meta name=\"twitter:image\" content=\"https:\/\/labusadelloro.com\/wp-content\/uploads\/2020\/10\/book-2178586_1920.jpg\" \/>\n<meta name=\"twitter:label1\" content=\"Scritto da\" \/>\n\t<meta name=\"twitter:data1\" content=\"francesca\" \/>\n\t<meta name=\"twitter:label2\" content=\"Tempo di lettura stimato\" \/>\n\t<meta name=\"twitter:data2\" content=\"1 minuto\" \/>\n<script type=\"application\/ld+json\" class=\"yoast-schema-graph\">{\"@context\":\"https:\\\/\\\/schema.org\",\"@graph\":[{\"@type\":\"Article\",\"@id\":\"https:\\\/\\\/labusadelloro.com\\\/it\\\/un-soggiorno-anti-covid\\\/#article\",\"isPartOf\":{\"@id\":\"https:\\\/\\\/labusadelloro.com\\\/it\\\/un-soggiorno-anti-covid\\\/\"},\"author\":{\"name\":\"francesca\",\"@id\":\"https:\\\/\\\/labusadelloro.com\\\/it\\\/#\\\/schema\\\/person\\\/a9dfe51ad577dc7506a5fc79318c8064\"},\"headline\":\"Un soggiorno Anti-Covid\",\"datePublished\":\"2020-10-27T06:14:04+00:00\",\"dateModified\":\"2020-10-27T06:14:07+00:00\",\"mainEntityOfPage\":{\"@id\":\"https:\\\/\\\/labusadelloro.com\\\/it\\\/un-soggiorno-anti-covid\\\/\"},\"wordCount\":261,\"commentCount\":0,\"image\":{\"@id\":\"https:\\\/\\\/labusadelloro.com\\\/it\\\/un-soggiorno-anti-covid\\\/#primaryimage\"},\"thumbnailUrl\":\"https:\\\/\\\/labusadelloro.com\\\/wp-content\\\/uploads\\\/2020\\\/10\\\/book-2178586_1920.jpg\",\"keywords\":[\"bed&amp;breakfast\",\"colli euganei\",\"soggiorno\",\"teolo\"],\"articleSection\":[\"Blog\",\"NATURA\"],\"inLanguage\":\"it-IT\",\"potentialAction\":[{\"@type\":\"CommentAction\",\"name\":\"Comment\",\"target\":[\"https:\\\/\\\/labusadelloro.com\\\/it\\\/un-soggiorno-anti-covid\\\/#respond\"]}]},{\"@type\":\"WebPage\",\"@id\":\"https:\\\/\\\/labusadelloro.com\\\/it\\\/un-soggiorno-anti-covid\\\/\",\"url\":\"https:\\\/\\\/labusadelloro.com\\\/it\\\/un-soggiorno-anti-covid\\\/\",\"name\":\"Un soggiorno Anti-Covid - Fattoria Busa dell&#039;Oro\",\"isPartOf\":{\"@id\":\"https:\\\/\\\/labusadelloro.com\\\/it\\\/#website\"},\"primaryImageOfPage\":{\"@id\":\"https:\\\/\\\/labusadelloro.com\\\/it\\\/un-soggiorno-anti-covid\\\/#primaryimage\"},\"image\":{\"@id\":\"https:\\\/\\\/labusadelloro.com\\\/it\\\/un-soggiorno-anti-covid\\\/#primaryimage\"},\"thumbnailUrl\":\"https:\\\/\\\/labusadelloro.com\\\/wp-content\\\/uploads\\\/2020\\\/10\\\/book-2178586_1920.jpg\",\"datePublished\":\"2020-10-27T06:14:04+00:00\",\"dateModified\":\"2020-10-27T06:14:07+00:00\",\"author\":{\"@id\":\"https:\\\/\\\/labusadelloro.com\\\/it\\\/#\\\/schema\\\/person\\\/a9dfe51ad577dc7506a5fc79318c8064\"},\"breadcrumb\":{\"@id\":\"https:\\\/\\\/labusadelloro.com\\\/it\\\/un-soggiorno-anti-covid\\\/#breadcrumb\"},\"inLanguage\":\"it-IT\",\"potentialAction\":[{\"@type\":\"ReadAction\",\"target\":[\"https:\\\/\\\/labusadelloro.com\\\/it\\\/un-soggiorno-anti-covid\\\/\"]}]},{\"@type\":\"ImageObject\",\"inLanguage\":\"it-IT\",\"@id\":\"https:\\\/\\\/labusadelloro.com\\\/it\\\/un-soggiorno-anti-covid\\\/#primaryimage\",\"url\":\"https:\\\/\\\/labusadelloro.com\\\/wp-content\\\/uploads\\\/2020\\\/10\\\/book-2178586_1920.jpg\",\"contentUrl\":\"https:\\\/\\\/labusadelloro.com\\\/wp-content\\\/uploads\\\/2020\\\/10\\\/book-2178586_1920.jpg\",\"width\":1920,\"height\":1281},{\"@type\":\"BreadcrumbList\",\"@id\":\"https:\\\/\\\/labusadelloro.com\\\/it\\\/un-soggiorno-anti-covid\\\/#breadcrumb\",\"itemListElement\":[{\"@type\":\"ListItem\",\"position\":1,\"name\":\"Home\",\"item\":\"https:\\\/\\\/labusadelloro.com\\\/it\\\/\"},{\"@type\":\"ListItem\",\"position\":2,\"name\":\"Un soggiorno Anti-Covid\"}]},{\"@type\":\"WebSite\",\"@id\":\"https:\\\/\\\/labusadelloro.com\\\/it\\\/#website\",\"url\":\"https:\\\/\\\/labusadelloro.com\\\/it\\\/\",\"name\":\"Fattoria Busa dell&#039;Oro\",\"description\":\"Bed and Breakfast Colli Euganei\",\"potentialAction\":[{\"@type\":\"SearchAction\",\"target\":{\"@type\":\"EntryPoint\",\"urlTemplate\":\"https:\\\/\\\/labusadelloro.com\\\/it\\\/?s={search_term_string}\"},\"query-input\":{\"@type\":\"PropertyValueSpecification\",\"valueRequired\":true,\"valueName\":\"search_term_string\"}}],\"inLanguage\":\"it-IT\"},{\"@type\":\"Person\",\"@id\":\"https:\\\/\\\/labusadelloro.com\\\/it\\\/#\\\/schema\\\/person\\\/a9dfe51ad577dc7506a5fc79318c8064\",\"name\":\"francesca\",\"url\":\"https:\\\/\\\/labusadelloro.com\\\/it\\\/author\\\/francesca\\\/\"}]}<\/script>\n<!-- \/ Yoast SEO plugin. -->","yoast_head_json":{"title":"Un soggiorno Anti-Covid - Fattoria Busa dell&#039;Oro","robots":{"index":"index","follow":"follow","max-snippet":"max-snippet:-1","max-image-preview":"max-image-preview:large","max-video-preview":"max-video-preview:-1"},"canonical":"https:\/\/labusadelloro.com\/it\/un-soggiorno-anti-covid\/","twitter_card":"summary_large_image","twitter_title":"Un soggiorno Anti-Covid - Fattoria Busa dell&#039;Oro","twitter_description":"Un luogo isolato, immerso nel bosco del Monte Lonzina, con un panorama decisamente mozzafiato verso l'Abbazia di Praglia e la pianura dei paesi limitrofi. Lontani da assembramenti e caos quotidiano.","twitter_image":"https:\/\/labusadelloro.com\/wp-content\/uploads\/2020\/10\/book-2178586_1920.jpg","twitter_misc":{"Scritto da":"francesca","Tempo di lettura stimato":"1 minuto"},"schema":{"@context":"https:\/\/schema.org","@graph":[{"@type":"Article","@id":"https:\/\/labusadelloro.com\/it\/un-soggiorno-anti-covid\/#article","isPartOf":{"@id":"https:\/\/labusadelloro.com\/it\/un-soggiorno-anti-covid\/"},"author":{"name":"francesca","@id":"https:\/\/labusadelloro.com\/it\/#\/schema\/person\/a9dfe51ad577dc7506a5fc79318c8064"},"headline":"Un soggiorno Anti-Covid","datePublished":"2020-10-27T06:14:04+00:00","dateModified":"2020-10-27T06:14:07+00:00","mainEntityOfPage":{"@id":"https:\/\/labusadelloro.com\/it\/un-soggiorno-anti-covid\/"},"wordCount":261,"commentCount":0,"image":{"@id":"https:\/\/labusadelloro.com\/it\/un-soggiorno-anti-covid\/#primaryimage"},"thumbnailUrl":"https:\/\/labusadelloro.com\/wp-content\/uploads\/2020\/10\/book-2178586_1920.jpg","keywords":["bed&amp;breakfast","colli euganei","soggiorno","teolo"],"articleSection":["Blog","NATURA"],"inLanguage":"it-IT","potentialAction":[{"@type":"CommentAction","name":"Comment","target":["https:\/\/labusadelloro.com\/it\/un-soggiorno-anti-covid\/#respond"]}]},{"@type":"WebPage","@id":"https:\/\/labusadelloro.com\/it\/un-soggiorno-anti-covid\/","url":"https:\/\/labusadelloro.com\/it\/un-soggiorno-anti-covid\/","name":"Un soggiorno Anti-Covid - Fattoria Busa dell&#039;Oro","isPartOf":{"@id":"https:\/\/labusadelloro.com\/it\/#website"},"primaryImageOfPage":{"@id":"https:\/\/labusadelloro.com\/it\/un-soggiorno-anti-covid\/#primaryimage"},"image":{"@id":"https:\/\/labusadelloro.com\/it\/un-soggiorno-anti-covid\/#primaryimage"},"thumbnailUrl":"https:\/\/labusadelloro.com\/wp-content\/uploads\/2020\/10\/book-2178586_1920.jpg","datePublished":"2020-10-27T06:14:04+00:00","dateModified":"2020-10-27T06:14:07+00:00","author":{"@id":"https:\/\/labusadelloro.com\/it\/#\/schema\/person\/a9dfe51ad577dc7506a5fc79318c8064"},"breadcrumb":{"@id":"https:\/\/labusadelloro.com\/it\/un-soggiorno-anti-covid\/#breadcrumb"},"inLanguage":"it-IT","potentialAction":[{"@type":"ReadAction","target":["https:\/\/labusadelloro.com\/it\/un-soggiorno-anti-covid\/"]}]},{"@type":"ImageObject","inLanguage":"it-IT","@id":"https:\/\/labusadelloro.com\/it\/un-soggiorno-anti-covid\/#primaryimage","url":"https:\/\/labusadelloro.com\/wp-content\/uploads\/2020\/10\/book-2178586_1920.jpg","contentUrl":"https:\/\/labusadelloro.com\/wp-content\/uploads\/2020\/10\/book-2178586_1920.jpg","width":1920,"height":1281},{"@type":"BreadcrumbList","@id":"https:\/\/labusadelloro.com\/it\/un-soggiorno-anti-covid\/#breadcrumb","itemListElement":[{"@type":"ListItem","position":1,"name":"Home","item":"https:\/\/labusadelloro.com\/it\/"},{"@type":"ListItem","position":2,"name":"Un soggiorno Anti-Covid"}]},{"@type":"WebSite","@id":"https:\/\/labusadelloro.com\/it\/#website","url":"https:\/\/labusadelloro.com\/it\/","name":"Fattoria Busa dell&#039;Oro","description":"Bed and Breakfast Colli Euganei","potentialAction":[{"@type":"SearchAction","target":{"@type":"EntryPoint","urlTemplate":"https:\/\/labusadelloro.com\/it\/?s={search_term_string}"},"query-input":{"@type":"PropertyValueSpecification","valueRequired":true,"valueName":"search_term_string"}}],"inLanguage":"it-IT"},{"@type":"Person","@id":"https:\/\/labusadelloro.com\/it\/#\/schema\/person\/a9dfe51ad577dc7506a5fc79318c8064","name":"francesca","url":"https:\/\/labusadelloro.com\/it\/author\/francesca\/"}]}},"_links":{"self":[{"href":"https:\/\/labusadelloro.com\/it\/wp-json\/wp\/v2\/posts\/6714","targetHints":{"allow":["GET"]}}],"collection":[{"href":"https:\/\/labusadelloro.com\/it\/wp-json\/wp\/v2\/posts"}],"about":[{"href":"https:\/\/labusadelloro.com\/it\/wp-json\/wp\/v2\/types\/post"}],"author":[{"embeddable":true,"href":"https:\/\/labusadelloro.com\/it\/wp-json\/wp\/v2\/users\/3"}],"replies":[{"embeddable":true,"href":"https:\/\/labusadelloro.com\/it\/wp-json\/wp\/v2\/comments?post=6714"}],"version-history":[{"count":0,"href":"https:\/\/labusadelloro.com\/it\/wp-json\/wp\/v2\/posts\/6714\/revisions"}],"wp:featuredmedia":[{"embeddable":true,"href":"https:\/\/labusadelloro.com\/it\/wp-json\/wp\/v2\/media\/6724"}],"wp:attachment":[{"href":"https:\/\/labusadelloro.com\/it\/wp-json\/wp\/v2\/media?parent=6714"}],"wp:term":[{"taxonomy":"category","embeddable":true,"href":"https:\/\/labusadelloro.com\/it\/wp-json\/wp\/v2\/categories?post=6714"},{"taxonomy":"post_tag","embeddable":true,"href":"https:\/\/labusadelloro.com\/it\/wp-json\/wp\/v2\/tags?post=6714"}],"curies":[{"name":"wp","href":"https:\/\/api.w.org\/{rel}","templated":true}]}}