{"id":7203,"date":"2021-05-05T10:44:56","date_gmt":"2021-05-05T08:44:56","guid":{"rendered":"https:\/\/labusadelloro.com\/?p=7203"},"modified":"2021-05-05T10:48:10","modified_gmt":"2021-05-05T08:48:10","slug":"una-nuova-vacanza-loft-9083","status":"publish","type":"post","link":"https:\/\/labusadelloro.com\/it\/una-nuova-vacanza-loft-9083\/","title":{"rendered":"Loft 9083, che vacanza!"},"content":{"rendered":"<p>Oggi vi presentiamo <a href=\"https:\/\/labusadelloro.com\/it\/loft-9083\/\">&#8220;Loft 9083&#8221;<\/a>, una nuova soluzione per la vostra vacanza in collina. Appartamento su un piano di 160mq. con vista sull&#8217;Abbazia di Praglia. Una casa intima, confortevole e silenziosa per godervi il benessere che la natura dei Colli Euganei sprigiona nella bella stagione della primavera e dell&#8217;estate.<\/p>\n<p>Due camere matrimoniali ed una singola, ma se sarete pi\u00f9 numerosi il posto letto in pi\u00f9 di certo non sar\u00e0 un problema. Due bagni comunicanti con ciascuna camera, uno arancione per ricaricarvi al ritorno dalle vostre escursioni, l&#8217;altro nero per la sera, l&#8217;elegante spazio che vi accompagna al rito notturno.<\/p>\n<p>Un&#8217;ampia isola cucina, proprio al centro dell&#8217;open space, con forno elettrico, fuochi a gas, lavastoviglie e uno spazio infinito per la dispensa. L&#8217;area relax, con divano bianco per la pace che raggiungerete una volta stesi, per dar libero spazio a creativit\u00e0 ed immaginazione.<\/p>\n<p>Uno piccolo sgabuzzino con lavatrice e lavello per i long stay.<\/p>\n<p>#Silenzio #Intimit\u00e0 &#8211;\u00a0<a href=\"https:\/\/labusadelloro.com\/it\/loft-9083\/\"> Like being at home.<\/a><\/p>\n<p>Perch\u00e8 9083?<\/p>\n<p>La storia di questo Loft ha qualcosa di romantico da raccontarvi. Il numero 90 \u00e8 l\u2019anno di Francesca, il numero 83 l\u2019anno di Federico: due ragazzi che dalla passione per l\u2019ospitalit\u00e0 hanno saputo rendere questo posto estremamente intimo e sereno. Questo \u00e8 stato il nostro primo nido d\u2019amore, la nostra prima casa dalla quale la vita inizi\u00f2 a divenire pi\u00f9 ricca d\u2019emozioni con la nascita delle nostre due figlie, che ci hanno portato a lasciare a voi questa piccola sciccheria. Un\u2019appartamento singolare, intimo, accogliente con il vero profumo di casa.<\/p>\n","protected":false},"excerpt":{"rendered":"<p>Appartamento su un piano di 160mq. con vista sull&#8217;Abbazia di Praglia. Una casa intima, confortevole e silenziosa per godervi il benessere che la natura dei Colli Euganei sprigiona nella bella stagione della primavera e dell&#8217;estate.<\/p>\n","protected":false},"author":3,"featured_media":7208,"comment_status":"open","ping_status":"open","sticky":false,"template":"","format":"standard","meta":{"_monsterinsights_skip_tracking":false,"_monsterinsights_sitenote_active":false,"_monsterinsights_sitenote_note":"","_monsterinsights_sitenote_category":0,"footnotes":""},"categories":[1],"tags":[],"class_list":["post-7203","post","type-post","status-publish","format-standard","has-post-thumbnail","hentry","category-blog"],"yoast_head":"<!-- This site is optimized with the Yoast SEO plugin v27.5 - https:\/\/yoast.com\/product\/yoast-seo-wordpress\/ -->\n<title>Loft 9083, che vacanza! - Fattoria Busa dell&#039;Oro<\/title>\n<meta name=\"robots\" content=\"index, follow, max-snippet:-1, max-image-preview:large, max-video-preview:-1\" \/>\n<link rel=\"canonical\" href=\"https:\/\/labusadelloro.com\/it\/una-nuova-vacanza-loft-9083\/\" \/>\n<meta name=\"twitter:card\" content=\"summary_large_image\" \/>\n<meta name=\"twitter:title\" content=\"Loft 9083, che vacanza! - Fattoria Busa dell&#039;Oro\" \/>\n<meta name=\"twitter:description\" content=\"Appartamento su un piano di 160mq. con vista sull&#039;Abbazia di Praglia. Una casa intima, confortevole e silenziosa per godervi il benessere che la natura dei Colli Euganei sprigiona nella bella stagione della primavera e dell&#039;estate.\" \/>\n<meta name=\"twitter:image\" content=\"https:\/\/labusadelloro.com\/wp-content\/uploads\/2021\/05\/AL2_5826-scaled.jpg\" \/>\n<meta name=\"twitter:label1\" content=\"Scritto da\" \/>\n\t<meta name=\"twitter:data1\" content=\"francesca\" \/>\n\t<meta name=\"twitter:label2\" content=\"Tempo di lettura stimato\" \/>\n\t<meta name=\"twitter:data2\" content=\"2 minuti\" \/>\n<script type=\"application\/ld+json\" class=\"yoast-schema-graph\">{\"@context\":\"https:\\\/\\\/schema.org\",\"@graph\":[{\"@type\":\"Article\",\"@id\":\"https:\\\/\\\/labusadelloro.com\\\/it\\\/una-nuova-vacanza-loft-9083\\\/#article\",\"isPartOf\":{\"@id\":\"https:\\\/\\\/labusadelloro.com\\\/it\\\/una-nuova-vacanza-loft-9083\\\/\"},\"author\":{\"name\":\"francesca\",\"@id\":\"https:\\\/\\\/labusadelloro.com\\\/it\\\/#\\\/schema\\\/person\\\/a9dfe51ad577dc7506a5fc79318c8064\"},\"headline\":\"Loft 9083, che vacanza!\",\"datePublished\":\"2021-05-05T08:44:56+00:00\",\"dateModified\":\"2021-05-05T08:48:10+00:00\",\"mainEntityOfPage\":{\"@id\":\"https:\\\/\\\/labusadelloro.com\\\/it\\\/una-nuova-vacanza-loft-9083\\\/\"},\"wordCount\":262,\"commentCount\":0,\"image\":{\"@id\":\"https:\\\/\\\/labusadelloro.com\\\/it\\\/una-nuova-vacanza-loft-9083\\\/#primaryimage\"},\"thumbnailUrl\":\"https:\\\/\\\/labusadelloro.com\\\/wp-content\\\/uploads\\\/2021\\\/05\\\/AL2_5826-scaled.jpg\",\"articleSection\":[\"Blog\"],\"inLanguage\":\"it-IT\",\"potentialAction\":[{\"@type\":\"CommentAction\",\"name\":\"Comment\",\"target\":[\"https:\\\/\\\/labusadelloro.com\\\/it\\\/una-nuova-vacanza-loft-9083\\\/#respond\"]}]},{\"@type\":\"WebPage\",\"@id\":\"https:\\\/\\\/labusadelloro.com\\\/it\\\/una-nuova-vacanza-loft-9083\\\/\",\"url\":\"https:\\\/\\\/labusadelloro.com\\\/it\\\/una-nuova-vacanza-loft-9083\\\/\",\"name\":\"Loft 9083, che vacanza! - Fattoria Busa dell&#039;Oro\",\"isPartOf\":{\"@id\":\"https:\\\/\\\/labusadelloro.com\\\/it\\\/#website\"},\"primaryImageOfPage\":{\"@id\":\"https:\\\/\\\/labusadelloro.com\\\/it\\\/una-nuova-vacanza-loft-9083\\\/#primaryimage\"},\"image\":{\"@id\":\"https:\\\/\\\/labusadelloro.com\\\/it\\\/una-nuova-vacanza-loft-9083\\\/#primaryimage\"},\"thumbnailUrl\":\"https:\\\/\\\/labusadelloro.com\\\/wp-content\\\/uploads\\\/2021\\\/05\\\/AL2_5826-scaled.jpg\",\"datePublished\":\"2021-05-05T08:44:56+00:00\",\"dateModified\":\"2021-05-05T08:48:10+00:00\",\"author\":{\"@id\":\"https:\\\/\\\/labusadelloro.com\\\/it\\\/#\\\/schema\\\/person\\\/a9dfe51ad577dc7506a5fc79318c8064\"},\"breadcrumb\":{\"@id\":\"https:\\\/\\\/labusadelloro.com\\\/it\\\/una-nuova-vacanza-loft-9083\\\/#breadcrumb\"},\"inLanguage\":\"it-IT\",\"potentialAction\":[{\"@type\":\"ReadAction\",\"target\":[\"https:\\\/\\\/labusadelloro.com\\\/it\\\/una-nuova-vacanza-loft-9083\\\/\"]}]},{\"@type\":\"ImageObject\",\"inLanguage\":\"it-IT\",\"@id\":\"https:\\\/\\\/labusadelloro.com\\\/it\\\/una-nuova-vacanza-loft-9083\\\/#primaryimage\",\"url\":\"https:\\\/\\\/labusadelloro.com\\\/wp-content\\\/uploads\\\/2021\\\/05\\\/AL2_5826-scaled.jpg\",\"contentUrl\":\"https:\\\/\\\/labusadelloro.com\\\/wp-content\\\/uploads\\\/2021\\\/05\\\/AL2_5826-scaled.jpg\",\"width\":2560,\"height\":1707},{\"@type\":\"BreadcrumbList\",\"@id\":\"https:\\\/\\\/labusadelloro.com\\\/it\\\/una-nuova-vacanza-loft-9083\\\/#breadcrumb\",\"itemListElement\":[{\"@type\":\"ListItem\",\"position\":1,\"name\":\"Home\",\"item\":\"https:\\\/\\\/labusadelloro.com\\\/it\\\/\"},{\"@type\":\"ListItem\",\"position\":2,\"name\":\"Loft 9083, che vacanza!\"}]},{\"@type\":\"WebSite\",\"@id\":\"https:\\\/\\\/labusadelloro.com\\\/it\\\/#website\",\"url\":\"https:\\\/\\\/labusadelloro.com\\\/it\\\/\",\"name\":\"Fattoria Busa dell&#039;Oro\",\"description\":\"Bed and Breakfast Colli Euganei\",\"potentialAction\":[{\"@type\":\"SearchAction\",\"target\":{\"@type\":\"EntryPoint\",\"urlTemplate\":\"https:\\\/\\\/labusadelloro.com\\\/it\\\/?s={search_term_string}\"},\"query-input\":{\"@type\":\"PropertyValueSpecification\",\"valueRequired\":true,\"valueName\":\"search_term_string\"}}],\"inLanguage\":\"it-IT\"},{\"@type\":\"Person\",\"@id\":\"https:\\\/\\\/labusadelloro.com\\\/it\\\/#\\\/schema\\\/person\\\/a9dfe51ad577dc7506a5fc79318c8064\",\"name\":\"francesca\",\"url\":\"https:\\\/\\\/labusadelloro.com\\\/it\\\/author\\\/francesca\\\/\"}]}<\/script>\n<!-- \/ Yoast SEO plugin. -->","yoast_head_json":{"title":"Loft 9083, che vacanza! - Fattoria Busa dell&#039;Oro","robots":{"index":"index","follow":"follow","max-snippet":"max-snippet:-1","max-image-preview":"max-image-preview:large","max-video-preview":"max-video-preview:-1"},"canonical":"https:\/\/labusadelloro.com\/it\/una-nuova-vacanza-loft-9083\/","twitter_card":"summary_large_image","twitter_title":"Loft 9083, che vacanza! - Fattoria Busa dell&#039;Oro","twitter_description":"Appartamento su un piano di 160mq. con vista sull'Abbazia di Praglia. Una casa intima, confortevole e silenziosa per godervi il benessere che la natura dei Colli Euganei sprigiona nella bella stagione della primavera e dell'estate.","twitter_image":"https:\/\/labusadelloro.com\/wp-content\/uploads\/2021\/05\/AL2_5826-scaled.jpg","twitter_misc":{"Scritto da":"francesca","Tempo di lettura stimato":"2 minuti"},"schema":{"@context":"https:\/\/schema.org","@graph":[{"@type":"Article","@id":"https:\/\/labusadelloro.com\/it\/una-nuova-vacanza-loft-9083\/#article","isPartOf":{"@id":"https:\/\/labusadelloro.com\/it\/una-nuova-vacanza-loft-9083\/"},"author":{"name":"francesca","@id":"https:\/\/labusadelloro.com\/it\/#\/schema\/person\/a9dfe51ad577dc7506a5fc79318c8064"},"headline":"Loft 9083, che vacanza!","datePublished":"2021-05-05T08:44:56+00:00","dateModified":"2021-05-05T08:48:10+00:00","mainEntityOfPage":{"@id":"https:\/\/labusadelloro.com\/it\/una-nuova-vacanza-loft-9083\/"},"wordCount":262,"commentCount":0,"image":{"@id":"https:\/\/labusadelloro.com\/it\/una-nuova-vacanza-loft-9083\/#primaryimage"},"thumbnailUrl":"https:\/\/labusadelloro.com\/wp-content\/uploads\/2021\/05\/AL2_5826-scaled.jpg","articleSection":["Blog"],"inLanguage":"it-IT","potentialAction":[{"@type":"CommentAction","name":"Comment","target":["https:\/\/labusadelloro.com\/it\/una-nuova-vacanza-loft-9083\/#respond"]}]},{"@type":"WebPage","@id":"https:\/\/labusadelloro.com\/it\/una-nuova-vacanza-loft-9083\/","url":"https:\/\/labusadelloro.com\/it\/una-nuova-vacanza-loft-9083\/","name":"Loft 9083, che vacanza! - Fattoria Busa dell&#039;Oro","isPartOf":{"@id":"https:\/\/labusadelloro.com\/it\/#website"},"primaryImageOfPage":{"@id":"https:\/\/labusadelloro.com\/it\/una-nuova-vacanza-loft-9083\/#primaryimage"},"image":{"@id":"https:\/\/labusadelloro.com\/it\/una-nuova-vacanza-loft-9083\/#primaryimage"},"thumbnailUrl":"https:\/\/labusadelloro.com\/wp-content\/uploads\/2021\/05\/AL2_5826-scaled.jpg","datePublished":"2021-05-05T08:44:56+00:00","dateModified":"2021-05-05T08:48:10+00:00","author":{"@id":"https:\/\/labusadelloro.com\/it\/#\/schema\/person\/a9dfe51ad577dc7506a5fc79318c8064"},"breadcrumb":{"@id":"https:\/\/labusadelloro.com\/it\/una-nuova-vacanza-loft-9083\/#breadcrumb"},"inLanguage":"it-IT","potentialAction":[{"@type":"ReadAction","target":["https:\/\/labusadelloro.com\/it\/una-nuova-vacanza-loft-9083\/"]}]},{"@type":"ImageObject","inLanguage":"it-IT","@id":"https:\/\/labusadelloro.com\/it\/una-nuova-vacanza-loft-9083\/#primaryimage","url":"https:\/\/labusadelloro.com\/wp-content\/uploads\/2021\/05\/AL2_5826-scaled.jpg","contentUrl":"https:\/\/labusadelloro.com\/wp-content\/uploads\/2021\/05\/AL2_5826-scaled.jpg","width":2560,"height":1707},{"@type":"BreadcrumbList","@id":"https:\/\/labusadelloro.com\/it\/una-nuova-vacanza-loft-9083\/#breadcrumb","itemListElement":[{"@type":"ListItem","position":1,"name":"Home","item":"https:\/\/labusadelloro.com\/it\/"},{"@type":"ListItem","position":2,"name":"Loft 9083, che vacanza!"}]},{"@type":"WebSite","@id":"https:\/\/labusadelloro.com\/it\/#website","url":"https:\/\/labusadelloro.com\/it\/","name":"Fattoria Busa dell&#039;Oro","description":"Bed and Breakfast Colli Euganei","potentialAction":[{"@type":"SearchAction","target":{"@type":"EntryPoint","urlTemplate":"https:\/\/labusadelloro.com\/it\/?s={search_term_string}"},"query-input":{"@type":"PropertyValueSpecification","valueRequired":true,"valueName":"search_term_string"}}],"inLanguage":"it-IT"},{"@type":"Person","@id":"https:\/\/labusadelloro.com\/it\/#\/schema\/person\/a9dfe51ad577dc7506a5fc79318c8064","name":"francesca","url":"https:\/\/labusadelloro.com\/it\/author\/francesca\/"}]}},"_links":{"self":[{"href":"https:\/\/labusadelloro.com\/it\/wp-json\/wp\/v2\/posts\/7203","targetHints":{"allow":["GET"]}}],"collection":[{"href":"https:\/\/labusadelloro.com\/it\/wp-json\/wp\/v2\/posts"}],"about":[{"href":"https:\/\/labusadelloro.com\/it\/wp-json\/wp\/v2\/types\/post"}],"author":[{"embeddable":true,"href":"https:\/\/labusadelloro.com\/it\/wp-json\/wp\/v2\/users\/3"}],"replies":[{"embeddable":true,"href":"https:\/\/labusadelloro.com\/it\/wp-json\/wp\/v2\/comments?post=7203"}],"version-history":[{"count":0,"href":"https:\/\/labusadelloro.com\/it\/wp-json\/wp\/v2\/posts\/7203\/revisions"}],"wp:featuredmedia":[{"embeddable":true,"href":"https:\/\/labusadelloro.com\/it\/wp-json\/wp\/v2\/media\/7208"}],"wp:attachment":[{"href":"https:\/\/labusadelloro.com\/it\/wp-json\/wp\/v2\/media?parent=7203"}],"wp:term":[{"taxonomy":"category","embeddable":true,"href":"https:\/\/labusadelloro.com\/it\/wp-json\/wp\/v2\/categories?post=7203"},{"taxonomy":"post_tag","embeddable":true,"href":"https:\/\/labusadelloro.com\/it\/wp-json\/wp\/v2\/tags?post=7203"}],"curies":[{"name":"wp","href":"https:\/\/api.w.org\/{rel}","templated":true}]}}